{"id":424238,"date":"2025-05-16T15:26:29","date_gmt":"2025-05-16T13:26:29","guid":{"rendered":"https:\/\/efs-techhub.com\/recap-of-the-first-techhubexpo\/"},"modified":"2025-12-05T19:03:51","modified_gmt":"2025-12-05T18:03:51","slug":"recap-of-the-first-techhubexpo","status":"publish","type":"post","link":"https:\/\/efs-techhub.com\/en\/recap-of-the-first-techhubexpo\/","title":{"rendered":"Recap of the first #TechHubExpo"},"content":{"rendered":"\n<p>We&#8217;re still completely hyped from our first #TechHubExpo, which took place on May 15th, 2025 in our TechHub workshop! This networking and information event, a first for us, was a complete success and brought together technology enthusiasts from various industries and companies.  <\/p>\n\n<p>Our Expo featured an impressive lineup of speakers, including Nikita Schick, Jonas Schneider, Omkar Patil, and Thomas Mattescheck. Furthermore, numerous national and international companies, partners, and decision-makers from the tech industry were present. The event provided participants with the opportunity to learn about the latest trends and developments in areas such as <strong>ADAS<\/strong>, <strong>Testing<\/strong>,<strong> Cloud &amp; Data<\/strong>, <strong>Model Based Systems Engineering<\/strong>, and <strong>Data Management<\/strong>.  <\/p>\n\n<figure class=\"wp-block-gallery has-nested-images columns-default is-cropped wp-block-gallery-1 is-layout-flex wp-block-gallery-is-layout-flex\">\n<figure class=\"wp-block-image size-large\"><img alt=\"Ein Mann steht seitlich vor einem Bildschirm, auf dem ein Textabschnitt mit einem gr\u00fcnen Kreis hervorgehoben ist. Er tr\u00e4gt eine Brille und ein schwarzes Hemd mit gr\u00fcnem Lanyard.\" loading=\"lazy\" decoding=\"async\" width=\"819\" height=\"1024\" data-id=\"193356\" src=\"https:\/\/efs-techhub.com\/wp-content\/uploads\/2025\/05\/Image-7-819x1024.jpeg\" alt=\"\" class=\"wp-image-193356\" srcset=\"https:\/\/efs-techhub.com\/wp-content\/uploads\/2025\/05\/Image-7-819x1024.jpeg 819w, https:\/\/efs-techhub.com\/wp-content\/uploads\/2025\/05\/Image-7-240x300.jpeg 240w, https:\/\/efs-techhub.com\/wp-content\/uploads\/2025\/05\/Image-7-768x960.jpeg 768w, https:\/\/efs-techhub.com\/wp-content\/uploads\/2025\/05\/Image-7-1229x1536.jpeg 1229w, https:\/\/efs-techhub.com\/wp-content\/uploads\/2025\/05\/Image-7.jpeg 1395w\" sizes=\"auto, (max-width: 819px) 100vw, 819px\" \/><\/figure>\n\n\n\n<figure class=\"wp-block-image size-large\"><img alt=\"Mehrere M\u00e4nner unterhalten sich in einem offenen Raum. Einer tr\u00e4gt einen grauen Kapuzenpullover mit Muster, ein anderer ein Sakko. Alle haben ein Namensschild mit gr\u00fcnem Band.\" loading=\"lazy\" decoding=\"async\" width=\"819\" height=\"1024\" data-id=\"193359\" src=\"https:\/\/efs-techhub.com\/wp-content\/uploads\/2025\/05\/Image-6-819x1024.jpeg\" alt=\"\" class=\"wp-image-193359\" srcset=\"https:\/\/efs-techhub.com\/wp-content\/uploads\/2025\/05\/Image-6-819x1024.jpeg 819w, https:\/\/efs-techhub.com\/wp-content\/uploads\/2025\/05\/Image-6-240x300.jpeg 240w, https:\/\/efs-techhub.com\/wp-content\/uploads\/2025\/05\/Image-6-768x960.jpeg 768w, https:\/\/efs-techhub.com\/wp-content\/uploads\/2025\/05\/Image-6-1229x1536.jpeg 1229w, https:\/\/efs-techhub.com\/wp-content\/uploads\/2025\/05\/Image-6.jpeg 1638w\" sizes=\"auto, (max-width: 819px) 100vw, 819px\" \/><\/figure>\n\n\n\n<figure class=\"wp-block-image size-large\"><img alt=\"Ein schwarzer VW ID. Buzz mit dem Schriftzug \u201eTechHub by efs\u201c steht vor einem modernen B\u00fcrogeb\u00e4ude. Auf dem Nummernschild steht \u201eEL-EF 111E\u201c.\" loading=\"lazy\" decoding=\"async\" width=\"819\" height=\"1024\" data-id=\"193364\" src=\"https:\/\/efs-techhub.com\/wp-content\/uploads\/2025\/05\/Image-5-819x1024.jpeg\" alt=\"\" class=\"wp-image-193364\" srcset=\"https:\/\/efs-techhub.com\/wp-content\/uploads\/2025\/05\/Image-5-819x1024.jpeg 819w, https:\/\/efs-techhub.com\/wp-content\/uploads\/2025\/05\/Image-5-240x300.jpeg 240w, https:\/\/efs-techhub.com\/wp-content\/uploads\/2025\/05\/Image-5-768x960.jpeg 768w, https:\/\/efs-techhub.com\/wp-content\/uploads\/2025\/05\/Image-5-1229x1536.jpeg 1229w, https:\/\/efs-techhub.com\/wp-content\/uploads\/2025\/05\/Image-5.jpeg 1395w\" sizes=\"auto, (max-width: 819px) 100vw, 819px\" \/><\/figure>\n\n\n\n<figure class=\"wp-block-image size-large\"><img alt=\"Eine Gruppe von M\u00e4nnern unterh\u00e4lt sich in einem Raum mit hohen Decken. Alle tragen Namensschilder mit gr\u00fcnen Lanyards. Im Vordergrund sieht man eine Person, deren Gesicht nicht vollst\u00e4ndig sichtbar ist.\" loading=\"lazy\" decoding=\"async\" width=\"819\" height=\"1024\" data-id=\"193358\" src=\"https:\/\/efs-techhub.com\/wp-content\/uploads\/2025\/05\/Image-4-819x1024.jpeg\" alt=\"\" class=\"wp-image-193358\" srcset=\"https:\/\/efs-techhub.com\/wp-content\/uploads\/2025\/05\/Image-4-819x1024.jpeg 819w, https:\/\/efs-techhub.com\/wp-content\/uploads\/2025\/05\/Image-4-240x300.jpeg 240w, https:\/\/efs-techhub.com\/wp-content\/uploads\/2025\/05\/Image-4-768x960.jpeg 768w, https:\/\/efs-techhub.com\/wp-content\/uploads\/2025\/05\/Image-4-1229x1536.jpeg 1229w, https:\/\/efs-techhub.com\/wp-content\/uploads\/2025\/05\/Image-4.jpeg 1395w\" sizes=\"auto, (max-width: 819px) 100vw, 819px\" \/><\/figure>\n\n\n\n<figure class=\"wp-block-image size-large\"><img alt=\"Eine Gruppe von Menschen sitzt auf gestuften Holzpodesten in einem Raum mit aufgestapelten Reifen an der Wand. Alle tragen Namensschilder mit gr\u00fcnen B\u00e4ndern.\" loading=\"lazy\" decoding=\"async\" width=\"819\" height=\"1024\" data-id=\"193360\" src=\"https:\/\/efs-techhub.com\/wp-content\/uploads\/2025\/05\/Image-3-819x1024.jpeg\" alt=\"\" class=\"wp-image-193360\" srcset=\"https:\/\/efs-techhub.com\/wp-content\/uploads\/2025\/05\/Image-3-819x1024.jpeg 819w, https:\/\/efs-techhub.com\/wp-content\/uploads\/2025\/05\/Image-3-240x300.jpeg 240w, https:\/\/efs-techhub.com\/wp-content\/uploads\/2025\/05\/Image-3-768x960.jpeg 768w, https:\/\/efs-techhub.com\/wp-content\/uploads\/2025\/05\/Image-3-1229x1536.jpeg 1229w, https:\/\/efs-techhub.com\/wp-content\/uploads\/2025\/05\/Image-3.jpeg 1395w\" sizes=\"auto, (max-width: 819px) 100vw, 819px\" \/><\/figure>\n\n\n\n<figure class=\"wp-block-image size-large\"><img alt=\"Ein Mann mit Brille und grauen Haaren spricht mit mehreren Personen in einem hellen Raum. Er tr\u00e4gt einen gr\u00fcnen Lanyard mit Namensschild und ein schwarzes Oberteil.\" loading=\"lazy\" decoding=\"async\" width=\"819\" height=\"1024\" data-id=\"193361\" src=\"https:\/\/efs-techhub.com\/wp-content\/uploads\/2025\/05\/Image-2-819x1024.jpeg\" alt=\"\" class=\"wp-image-193361\" srcset=\"https:\/\/efs-techhub.com\/wp-content\/uploads\/2025\/05\/Image-2-819x1024.jpeg 819w, https:\/\/efs-techhub.com\/wp-content\/uploads\/2025\/05\/Image-2-240x300.jpeg 240w, https:\/\/efs-techhub.com\/wp-content\/uploads\/2025\/05\/Image-2-768x960.jpeg 768w, https:\/\/efs-techhub.com\/wp-content\/uploads\/2025\/05\/Image-2-1229x1536.jpeg 1229w, https:\/\/efs-techhub.com\/wp-content\/uploads\/2025\/05\/Image-2.jpeg 1638w\" sizes=\"auto, (max-width: 819px) 100vw, 819px\" \/><\/figure>\n\n\n\n<figure class=\"wp-block-image size-large\"><img alt=\"Ein Mann mit Brille und Namensschild tr\u00e4gt ein schwarzes Hemd und einen gr\u00fcnen Lanyard. Er steht vor einem Bildschirm mit der Aufschrift \u201eExpo starts in a bit\u201c.\" loading=\"lazy\" decoding=\"async\" width=\"819\" height=\"1024\" data-id=\"193362\" src=\"https:\/\/efs-techhub.com\/wp-content\/uploads\/2025\/05\/Image-8-819x1024.jpeg\" alt=\"\" class=\"wp-image-193362\" srcset=\"https:\/\/efs-techhub.com\/wp-content\/uploads\/2025\/05\/Image-8-819x1024.jpeg 819w, https:\/\/efs-techhub.com\/wp-content\/uploads\/2025\/05\/Image-8-240x300.jpeg 240w, https:\/\/efs-techhub.com\/wp-content\/uploads\/2025\/05\/Image-8-768x960.jpeg 768w, https:\/\/efs-techhub.com\/wp-content\/uploads\/2025\/05\/Image-8-1229x1536.jpeg 1229w, https:\/\/efs-techhub.com\/wp-content\/uploads\/2025\/05\/Image-8.jpeg 1638w\" sizes=\"auto, (max-width: 819px) 100vw, 819px\" \/><\/figure>\n<\/figure>\n\n<p>The keynotes were not only informative but also inspiring. Our speakers shared valuable experiences from real products and services, opening up new perspectives for the participants&#8217; own projects and challenges. The Market Places enabled visitors to connect directly with experts and build valuable networks.  <\/p>\n\n<p>A particular highlight was the Afterwork Barbecue on our TechHub terrace, which provided the perfect conclusion to the day. In the sunshine and with stimulating conversations, participants were able to continue networking in a relaxed atmosphere.  <\/p>\n\n<p>A heartfelt thank you to all participants, speakers, and partners \u2013 you made the launch of a fantastic series of events unforgettable! We are already looking forward to the next #TechHubExpo and to continuing to shape the future of technology together. <\/p>\n\n<p>Stay tuned for more updates and exciting events! Follow us on our social media channels to stay up-to-date with the latest news from the world of technology. <\/p>\n\n<p>#TechHubbyefs #Networking #Innovation #AI #DataManagement #EmbeddedEngineering #AutonomousSystems<\/p>\n\n<p><strong><a href=\"https:\/\/www.linkedin.com\/company\/techhubbyefs\">LinkedIn<\/a><br\/><a href=\"https:\/\/www.xing.com\/pages\/efstechhubgmbh\">Xing<\/a><br\/><a href=\"https:\/\/www.facebook.com\/efstechhub\">Facebook<\/a><br\/><a href=\"https:\/\/www.instagram.com\/efs.techhub\/\">Instagram<\/a><\/strong><\/p>\n\n<p><\/p>\n","protected":false},"excerpt":{"rendered":"<p>We&#8217;re still completely hyped from our first #TechHubExpo, which took place on May 15th, 2025 in our TechHub workshop! This networking and information event, a first for us, was a complete success and brought together technology enthusiasts from various industries and companies. Our Expo featured an impressive lineup of speakers, including Nikita Schick, Jonas Schneider, [&hellip;]<\/p>\n","protected":false},"author":4,"featured_media":421223,"comment_status":"open","ping_status":"open","sticky":false,"template":"","format":"standard","meta":{"_seopress_robots_primary_cat":"none","_seopress_titles_title":"#TechHub Expo - Recap of our first Networking and Information Event","_seopress_titles_desc":"Experience the highlights of the first #TechHubExpo: Inspiring keynotes, networking, and exciting topics surrounding technology and innovation.","_seopress_robots_index":"","footnotes":""},"categories":[47],"tags":[55,41,59],"class_list":["post-424238","post","type-post","status-publish","format-standard","has-post-thumbnail","hentry","category-news-en","tag-rebranding-en","tag-techhubbyefs-en","tag-techhubexpo-en"],"_links":{"self":[{"href":"https:\/\/efs-techhub.com\/en\/wp-json\/wp\/v2\/posts\/424238","targetHints":{"allow":["GET"]}}],"collection":[{"href":"https:\/\/efs-techhub.com\/en\/wp-json\/wp\/v2\/posts"}],"about":[{"href":"https:\/\/efs-techhub.com\/en\/wp-json\/wp\/v2\/types\/post"}],"author":[{"embeddable":true,"href":"https:\/\/efs-techhub.com\/en\/wp-json\/wp\/v2\/users\/4"}],"replies":[{"embeddable":true,"href":"https:\/\/efs-techhub.com\/en\/wp-json\/wp\/v2\/comments?post=424238"}],"version-history":[{"count":3,"href":"https:\/\/efs-techhub.com\/en\/wp-json\/wp\/v2\/posts\/424238\/revisions"}],"predecessor-version":[{"id":424249,"href":"https:\/\/efs-techhub.com\/en\/wp-json\/wp\/v2\/posts\/424238\/revisions\/424249"}],"wp:featuredmedia":[{"embeddable":true,"href":"https:\/\/efs-techhub.com\/en\/wp-json\/wp\/v2\/media\/421223"}],"wp:attachment":[{"href":"https:\/\/efs-techhub.com\/en\/wp-json\/wp\/v2\/media?parent=424238"}],"wp:term":[{"taxonomy":"category","embeddable":true,"href":"https:\/\/efs-techhub.com\/en\/wp-json\/wp\/v2\/categories?post=424238"},{"taxonomy":"post_tag","embeddable":true,"href":"https:\/\/efs-techhub.com\/en\/wp-json\/wp\/v2\/tags?post=424238"}],"curies":[{"name":"wp","href":"https:\/\/api.w.org\/{rel}","templated":true}]}}